{"id":487,"date":"2017-04-17T09:35:00","date_gmt":"2017-04-17T07:35:00","guid":{"rendered":"http:\/\/www.soledpro.cz\/?p=487"},"modified":"2021-04-17T09:36:22","modified_gmt":"2021-04-17T07:36:22","slug":"telekom-austria-group-duveruje-whalebone","status":"publish","type":"post","link":"https:\/\/www.soledpro.cz\/de\/telekom-austria-group-duveruje-whalebone\/","title":{"rendered":"Die Telekom Austria Group vertraut Whalebone"},"content":{"rendered":"<h1 class=\"wp-block-heading\">Telekom Austria Group vertraut <a href=\"http:\/\/www.soledpro.cz\/de\/sluzby-v-it\/whalebone\/\">Whalebone<\/a><\/h1>\n\n\n\n<p>Whalebone feiert gro\u00dfen Erfolg! Wir haben gerade ein Memorandum unterzeichnet, in dem wir die Absicht zum Ausdruck bringen, Whalebone im Netz des \u00f6sterreichischen Betreibers A1 und im Laufe der Zeit auch mit anderen Unternehmen der Telekom Austria Group (Slowenien, Kroatien, Serbien, Mazedonien, Bulgarien, Wei\u00dfrussland, Liechtenstein) und im Konzern Am\u00e9rica Movil, zu dem TAG geh\u00f6rt.<br>Der Deal stellt f\u00fcr Whalebone einen wichtigen Schritt im Segment der gro\u00dfen nationalen Betreiber dar. Die Kooperation bedeutet auch einen schrittweisen Einstieg in den B2B-Unternehmensmarkt im deutschsprachigen Raum.<br>Whalebone wird au\u00dferdem f\u00fcr drei Jahre Teil des A1 Startup Campus, was unter anderem ein eigenes B\u00fcro in Wien, die M\u00f6glichkeit zur Nutzung der Rechenzentrumskapazit\u00e4ten der \u00f6sterreichischen Telekom und hunderte Stunden ausgew\u00e4hlter Experten bedeutet, die Ihnen zur Verf\u00fcgung stehen .<\/p>","protected":false},"excerpt":{"rendered":"<p>Telekom Austria Group d\u016fv\u011b\u0159uje Whalebone Whalebone slav\u00ed velk\u00fd \u00fasp\u011bch! \u010cerstv\u011b jsme podepsali memorandum, ve kter\u00e9m byl vyty\u010den z\u00e1m\u011br nasazen\u00ed Whalebone do komer\u010dn\u00edho provozu v s\u00edti rakousk\u00e9ho oper\u00e1tora A1 a postupem \u010dasu tak\u00e9 u dal\u0161\u00edch spole\u010dnost\u00ed jak v r\u00e1mci Telekom Austria Group (Slovinsko, Chorvatsko, Srbsko, Makedonie, Bulharsko, B\u011blorusko, Lichten\u0161tenjsko), tak v koncernu Am\u00e9rica Movil, kter\u00fd je [&hellip;]<\/p>","protected":false},"author":1,"featured_media":0,"comment_status":"closed","ping_status":"open","sticky":false,"template":"","format":"standard","meta":{"footnotes":""},"categories":[1],"tags":[],"class_list":["post-487","post","type-post","status-publish","format-standard","hentry","category-nezarazene"],"_links":{"self":[{"href":"https:\/\/www.soledpro.cz\/de\/wp-json\/wp\/v2\/posts\/487","targetHints":{"allow":["GET"]}}],"collection":[{"href":"https:\/\/www.soledpro.cz\/de\/wp-json\/wp\/v2\/posts"}],"about":[{"href":"https:\/\/www.soledpro.cz\/de\/wp-json\/wp\/v2\/types\/post"}],"author":[{"embeddable":true,"href":"https:\/\/www.soledpro.cz\/de\/wp-json\/wp\/v2\/users\/1"}],"replies":[{"embeddable":true,"href":"https:\/\/www.soledpro.cz\/de\/wp-json\/wp\/v2\/comments?post=487"}],"version-history":[{"count":1,"href":"https:\/\/www.soledpro.cz\/de\/wp-json\/wp\/v2\/posts\/487\/revisions"}],"predecessor-version":[{"id":488,"href":"https:\/\/www.soledpro.cz\/de\/wp-json\/wp\/v2\/posts\/487\/revisions\/488"}],"wp:attachment":[{"href":"https:\/\/www.soledpro.cz\/de\/wp-json\/wp\/v2\/media?parent=487"}],"wp:term":[{"taxonomy":"category","embeddable":true,"href":"https:\/\/www.soledpro.cz\/de\/wp-json\/wp\/v2\/categories?post=487"},{"taxonomy":"post_tag","embeddable":true,"href":"https:\/\/www.soledpro.cz\/de\/wp-json\/wp\/v2\/tags?post=487"}],"curies":[{"name":"wp","href":"https:\/\/api.w.org\/{rel}","templated":true}]}}